{"id":947,"date":"2026-02-04T09:36:00","date_gmt":"2026-02-04T08:36:00","guid":{"rendered":"https:\/\/dlaelektrykow.pl\/blog\/?p=947"},"modified":"2026-02-04T08:58:25","modified_gmt":"2026-02-04T07:58:25","slug":"obowiazkowa-instalacja-swiatlowodow-od-kiedy-i-kogo-obowiazuje","status":"publish","type":"post","link":"https:\/\/dlaelektrykow.pl\/blog\/obowiazkowa-instalacja-swiatlowodow-od-kiedy-i-kogo-obowiazuje\/","title":{"rendered":"Obowi\u0105zkowa instalacja \u015bwiat\u0142owod\u00f3w &#8211; od kiedy i kogo obowi\u0105zuje?"},"content":{"rendered":"\n<div style=\"height:29px\" aria-hidden=\"true\" class=\"wp-block-spacer\"><\/div>\n\n\n\n<p><strong>Obowi\u0105zkowa instalacja \u015bwiat\u0142owod\u00f3w<\/strong> to nowy wym\u00f3g, kt\u00f3ry od 2026 roku obejmie praktycznie wszystkie nowe i gruntownie remontowane budynki w Polsce. Dotknie to zar\u00f3wno inwestor\u00f3w indywidualnych, jak i deweloper\u00f3w \u2013 a elektrycy b\u0119d\u0105 musieli uwzgl\u0119dni\u0107 <strong><a rel=\"noreferrer noopener\" target=\"_blank\" href=\"https:\/\/dlaelektrykow.pl\/kable-teleinformatyczne\/8054280-kabel-swiatlowodowy-ftth-2j-g657a1-frp-bialy-1-km-26405-elpio-5907690132392.html\">\u015bwiat\u0142ow\u00f3d<\/a><\/strong> w standardzie instalacji.<\/p>\n\n\n\n<h2 class=\"wp-block-heading\" id=\"od-kiedy-wiatowd-jest-obowizkowy\">Od kiedy \u015bwiat\u0142ow\u00f3d jest obowi\u0105zkowy?<\/h2>\n\n\n\n<p>Zgodnie z projektowanymi przepisami, <strong>obowi\u0105zek przygotowania infrastruktury \u015bwiat\u0142owodowej<\/strong> ma wej\u015b\u0107 w \u017cycie <strong>12 lutego 2026 r.<\/strong>. Oznacza to, \u017ce wszystkie inwestycje, dla kt\u00f3rych pozwolenie na budow\u0119 lub zg\u0142oszenie przypadnie po tej dacie, b\u0119d\u0105 musia\u0142y uwzgl\u0119dni\u0107 \u015bwiat\u0142ow\u00f3d w projekcie. Zmiany wynikaj\u0105 z wdra\u017cania unijnego <strong>Aktu o Infrastrukturze Gigabitowej (Gigabit Infrastructure Act \u2013 GIA)<\/strong> z 2024 r., kt\u00f3ry ma zapewni\u0107 dost\u0119p do internetu o bardzo du\u017cej przepustowo\u015bci w ca\u0142ej UE.<\/p>\n\n\n\n<h2 class=\"wp-block-heading\" id=\"kogo-dotyczy-obowizek-wiatowodu\">Kogo dotyczy obowi\u0105zek \u015bwiat\u0142owodu?<\/h2>\n\n\n\n<p>Wym\u00f3g instalacji <strong>\u015bwiat\u0142owodowej infrastruktury telekomunikacyjnej<\/strong> obejmie:<\/p>\n\n\n\n<ul class=\"wp-block-list\">\n<li>nowe <strong>domy jednorodzinne<\/strong> (wolnostoj\u0105ce, bli\u017aniaki, szeregowce),<\/li>\n\n\n\n<li>nowe <strong>budynki wielorodzinne<\/strong>,<\/li>\n\n\n\n<li>nowe <strong>budynki us\u0142ugowe i u\u017cyteczno\u015bci publicznej<\/strong>,<\/li>\n\n\n\n<li>budynki <strong>gruntownie remontowane \/ modernizowane<\/strong> (generalne remonty instalacji).<\/li>\n<\/ul>\n\n\n\n<p>Wyj\u0105tkiem maj\u0105 by\u0107 obiekty <strong>zabytkowe<\/strong> lub budynki obj\u0119te \u015bcis\u0142\u0105 ochron\u0105 konserwatorsk\u0105, gdzie prowadzenie kabli i osprz\u0119tu mog\u0142oby naruszy\u0107 walory architektoniczne.<\/p>\n\n\n\n<p>W praktyce, je\u015bli w 2026 r. planujesz budow\u0119 lub generalny remont domu, <strong>\u015bwiat\u0142ow\u00f3d stanie si\u0119 takim samym obowi\u0105zkowym elementem jak instalacja elektryczna czy wodna<\/strong>. Bez odpowiedniego przygotowania infrastruktury <strong>budynek mo\u017ce nie przej\u015b\u0107 odbioru<\/strong> \u2013 potwierdza si\u0119 to w o\u015bwiadczeniu o zainstalowanych systemach telekomunikacyjnych sk\u0142adanym z dokumentacj\u0105 powykonawcz\u0105.<\/p>\n\n\n\n<h2 class=\"wp-block-heading\" id=\"jak-wyglda-obowizkowa-instalacja-wiatowodw-w-przep\">Jak wygl\u0105da \u201eobowi\u0105zkowa instalacja \u015bwiat\u0142owod\u00f3w\u201d w przepisach?<\/h2>\n\n\n\n<p>Aktualne i projektowane przepisy opieraj\u0105 si\u0119 na:<\/p>\n\n\n\n<ul class=\"wp-block-list\">\n<li><strong>ustawie o wspieraniu rozwoju us\u0142ug i sieci telekomunikacyjnych<\/strong> (tzw. megaustawa) \u2013 nowelizowanej tak, by wprowadzi\u0107 obowi\u0105zek \u015bwiat\u0142owod\u00f3w w nowych i modernizowanych budynkach,<\/li>\n\n\n\n<li><strong>rozporz\u0105dzeniu w sprawie warunk\u00f3w technicznych, jakim powinny odpowiada\u0107 budynki i ich usytuowanie \u2013 Rozdzia\u0142 8a: instalacja telekomunikacyjna<\/strong>,<\/li>\n\n\n\n<li><strong>rozporz\u0105dzeniu Ministra Cyfryzacji w sprawie warunk\u00f3w technicznych, jakim powinny odpowiada\u0107 telekomunikacyjne obiekty budowlane<\/strong>.<\/li>\n<\/ul>\n\n\n\n<p>Dzisiejsze warunki techniczne ju\u017c wskazuj\u0105, \u017ce budynek powinien posiada\u0107:<\/p>\n\n\n\n<ul class=\"wp-block-list\">\n<li><strong>\u015bwiat\u0142owodow\u0105 infrastruktur\u0119 telekomunikacyjn\u0105<\/strong>,<\/li>\n\n\n\n<li><strong><a href=\"https:\/\/dlaelektrykow.pl\/kable-teleinformatyczne\/8054744-kabel-swiatlowodowy-os2-ftth-plaski-sm-2j-9125-lsoh-bialy-1000-m-fok-w2j-sm-a-b-a-lan-technologie-5901738553743.html\" target=\"_blank\" rel=\"noreferrer noopener\">kable \u015bwiat\u0142owodowe jednomodowe<\/a><\/strong> prowadzone od <strong>prze\u0142\u0105cznicy \u015bwiat\u0142owodowej<\/strong> w punkcie po\u0142\u0105czenia z publiczn\u0105 sieci\u0105 do <strong>telekomunikacyjnych skrzynek mieszkaniowych<\/strong> w lokalach,<\/li>\n\n\n\n<li>zako\u0144czenia w standardzie <strong>SC\/APC<\/strong>,<\/li>\n\n\n\n<li>tor optyczny o t\u0142umieniu nie wi\u0119kszym ni\u017c <strong>1,2 dB<\/strong> przy 1310 i 1550 nm.<\/li>\n<\/ul>\n\n\n\n<p>Po wej\u015bciu nowych przepis\u00f3w od 2026 r. takie wymagania przestan\u0105 by\u0107 \u201eopcj\u0105\u201d, a stan\u0105 si\u0119 <strong>warunkiem formalnym dla odbioru budynku<\/strong>.<\/p>\n\n\n\n<h2 class=\"wp-block-heading\" id=\"co-to-oznacza-dla-inwestora-i-elektryka\">Co to oznacza dla inwestora i elektryka?<\/h2>\n\n\n\n<p>Ju\u017c na etapie projektu trzeba b\u0119dzie:<\/p>\n\n\n\n<ul class=\"wp-block-list\">\n<li>zaplanowa\u0107 <strong>tras\u0119 kabli \u015bwiat\u0142owodowych<\/strong> w budynku (od punktu styku z operatorem do skrzynek mieszkaniowych i gniazd),<\/li>\n\n\n\n<li>przewidzie\u0107 <strong>prze\u0142\u0105cznic\u0119 \u015bwiat\u0142owodow\u0105<\/strong> lub punkt dystrybucyjny w budynku,<\/li>\n\n\n\n<li>dobra\u0107 odpowiednie <strong><a href=\"https:\/\/dlaelektrykow.pl\/kable-teleinformatyczne\/8054881-multikabel-q-lantec-multimedia-2xuutp-kat5e2xrg62xfo-g657a1-pvc-szary-500m-kmp5001-a-lan-technologie-5904204402132.html\" target=\"_blank\" rel=\"noreferrer noopener\">kable jednomodowe<\/a>, os\u0142ony, peszle i osprz\u0119t<\/strong> telekomunikacyjny,<\/li>\n\n\n\n<li>skoordynowa\u0107 prac\u0119 elektryka, teletechnika i projektanta tak, aby instalacje elektryczne i niskopr\u0105dowe nie zak\u0142\u00f3ca\u0142y si\u0119 wzajemnie (trasy kablowe, separacja).<\/li>\n<\/ul>\n\n\n\n<p>Dla elektryka oznacza to rozszerzenie zakresu prac o:<\/p>\n\n\n\n<ul class=\"wp-block-list\">\n<li>uk\u0142adanie kana\u0142\u00f3w i rur os\u0142onowych pod <strong>\u015bwiat\u0142ow\u00f3d<\/strong>,<\/li>\n\n\n\n<li>monta\u017c <strong>szafek teletechnicznych<\/strong> i skrzynek mieszkaniowych,<\/li>\n\n\n\n<li>stosowanie odpowiednich promieni gi\u0119cia i promieni ochronnych dla kabli <strong><a href=\"https:\/\/dlaelektrykow.pl\/kable-teleinformatyczne\/8054280-kabel-swiatlowodowy-ftth-2j-g657a1-frp-bialy-1-km-26405-elpio-5907690132392.html\" target=\"_blank\" rel=\"noreferrer noopener\">FTTH<\/a><\/strong>.<\/li>\n<\/ul>\n\n\n\n<h2 class=\"wp-block-heading\" id=\"jak-przygotowa-budynek--praktyczne-wskazwki\">Jak przygotowa\u0107 budynek \u2013 praktyczne wskaz\u00f3wki<\/h2>\n\n\n\n<p>Aby budynek by\u0142 <strong>\u201efiber-ready\u201d<\/strong> i spe\u0142nia\u0142 przysz\u0142e wymogi, warto:<\/p>\n\n\n\n<ul class=\"wp-block-list\">\n<li>ju\u017c dzi\u015b projektowa\u0107 <strong>instalacj\u0119 elektryczn\u0105 i teletechniczn\u0105 razem<\/strong>,<\/li>\n\n\n\n<li>prowadzi\u0107 koryta kablowe tak, by w przysz\u0142o\u015bci da\u0142o si\u0119 \u0142atwo do\u0142o\u017cy\u0107 \u015bwiat\u0142ow\u00f3d,<\/li>\n\n\n\n<li>stosowa\u0107 <strong>peszle i rury os\u0142onowe<\/strong> o odpowiedniej \u015brednicy oraz \u0142agodnych \u0142ukach,<\/li>\n\n\n\n<li>przewidzie\u0107 <strong>gniazda RJ\/\u015bwiat\u0142owodowe<\/strong> w kluczowych pomieszczeniach (salon, biuro, pok\u00f3j dzieci).<\/li>\n<\/ul>\n\n\n\n<p>To minimalnie podnosi koszt budowy, ale znacznie u\u0142atwia pod\u0142\u0105czenie szybkiego internetu \u2013 szczeg\u00f3lnie wa\u017cne przy rosn\u0105cej liczbie urz\u0105dze\u0144 smart home, kamer IP czy pracy zdalnej.<\/p>\n\n\n\n<p>Klient sklepu elektrycznego, takiego jak <strong>dlaelektrykow.pl<\/strong>, b\u0119dzie potrzebowa\u0142 m.in.:<\/p>\n\n\n\n<ul class=\"wp-block-list\">\n<li><strong><a href=\"https:\/\/dlaelektrykow.pl\/kable-teleinformatyczne\/8054744-kabel-swiatlowodowy-os2-ftth-plaski-sm-2j-9125-lsoh-bialy-1000-m-fok-w2j-sm-a-b-a-lan-technologie-5901738553743.html\" target=\"_blank\" rel=\"noreferrer noopener\">kabli \u015bwiat\u0142owodowych jednomodowych<\/a><\/strong>,<\/li>\n\n\n\n<li>rur i peszli os\u0142onowych do tras teletechnicznych,<\/li>\n\n\n\n<li>szafek teletechnicznych i osprz\u0119tu monta\u017cowego,<\/li>\n\n\n\n<li>element\u00f3w uziemienia i ochrony przepi\u0119ciowej dla urz\u0105dze\u0144 aktywnych.<\/li>\n<\/ul>\n\n\n\n<h2 class=\"wp-block-heading\" id=\"co-z-istniejcymi-budynkami\">Co z istniej\u0105cymi budynkami?<\/h2>\n\n\n\n<p>Nowe przepisy skupiaj\u0105 si\u0119 przede wszystkim na:<\/p>\n\n\n\n<ul class=\"wp-block-list\">\n<li><strong>nowych budynkach<\/strong>,<\/li>\n\n\n\n<li><strong>gruntownie modernizowanych \/ remontowanych<\/strong> obiektach.<\/li>\n<\/ul>\n\n\n\n<p>Dla istniej\u0105cych dom\u00f3w jednorodzinnych <strong>nie przewiduje si\u0119 obowi\u0105zkowego do\u0142o\u017cenia \u015bwiat\u0142owodu z urz\u0119du<\/strong>, ale:<\/p>\n\n\n\n<ul class=\"wp-block-list\">\n<li>operatorzy b\u0119d\u0105 nadal rozbudowywa\u0107 sieci,<\/li>\n\n\n\n<li>w\u0142a\u015bciciele przy modernizacjach instalacji powinni ju\u017c dzi\u015b my\u015ble\u0107 \u201epod \u015bwiat\u0142ow\u00f3d\u201d, \u017ceby nie ku\u0107 \u015bcian drugi raz.<\/li>\n<\/ul>\n\n\n\n<p>W praktyce \u2013 je\u015bli i tak planujesz wymian\u0119 instalacji elektrycznej, warto od razu przewidzie\u0107 miejsce na <strong>\u015bwiat\u0142ow\u00f3d, skrzynk\u0119 teletechniczn\u0105 i dodatkowe gniazda<\/strong>.<\/p>\n\n\n\n<p>Dla klient\u00f3w <strong>dlaelektrykow.pl<\/strong> obowi\u0105zkowa instalacja \u015bwiat\u0142owodowa to nie tylko nowy wym\u00f3g prawny, ale r\u00f3wnie\u017c szansa na <strong>nowoczesny, przysz\u0142o\u015bciowy dom<\/strong>. Warto ju\u017c dzi\u015b dobiera\u0107 osprz\u0119t i <strong><a href=\"https:\/\/dlaelektrykow.pl\/kable-teleinformatyczne\/8054881-multikabel-q-lantec-multimedia-2xuutp-kat5e2xrg62xfo-g657a1-pvc-szary-500m-kmp5001-a-lan-technologie-5904204402132.html\" target=\"_blank\" rel=\"noreferrer noopener\">kable<\/a><\/strong> tak, \u017ceby budynek by\u0142 gotowy na szybki internet, smart home i wymagania, kt\u00f3re zaczn\u0105 obowi\u0105zywa\u0107 od 2026 roku. <\/p>\n","protected":false},"excerpt":{"rendered":"<p>Obowi\u0105zkowa instalacja \u015bwiat\u0142owod\u00f3w to nowy wym\u00f3g, kt\u00f3ry od 2026 roku obejmie praktycznie wszystkie nowe i gruntownie remontowane budynki w Polsce. Dotknie to zar\u00f3wno inwestor\u00f3w indywidualnych, jak i deweloper\u00f3w \u2013 a elektrycy b\u0119d\u0105 musieli uwzgl\u0119dni\u0107 \u015bwiat\u0142ow\u00f3d w standardzie instalacji.<\/p>\n","protected":false},"author":1,"featured_media":950,"comment_status":"closed","ping_status":"closed","sticky":false,"template":"","format":"standard","meta":{"footnotes":""},"categories":[1],"tags":[399,394,396,390,389,400,395,391,398,401,397,393,388,392],"class_list":{"0":"post-947","1":"post","2":"type-post","3":"status-publish","4":"format-standard","5":"has-post-thumbnail","7":"category-poradnik-dlaelektrykowpl","8":"tag-fiber-ready-budynek","9":"tag-ftth","10":"tag-gigabit-infrastructure-act","11":"tag-infrastruktura-telekomunikacyjna","12":"tag-instalacja-swiatlowodow","13":"tag-instalacje-teletechniczne","14":"tag-jednomodowe-swiatlowody","15":"tag-kable-swiatlowodowe","16":"tag-nowe-budynki-2026","17":"tag-remonty-swiatlowod","18":"tag-rozdzial-8a-wt","19":"tag-swiatlowod-2026","20":"tag-swiatlowod-obowiazkowy","21":"tag-swiatlowod-w-nowym-domu"},"_links":{"self":[{"href":"https:\/\/dlaelektrykow.pl\/blog\/wp-json\/wp\/v2\/posts\/947","targetHints":{"allow":["GET"]}}],"collection":[{"href":"https:\/\/dlaelektrykow.pl\/blog\/wp-json\/wp\/v2\/posts"}],"about":[{"href":"https:\/\/dlaelektrykow.pl\/blog\/wp-json\/wp\/v2\/types\/post"}],"author":[{"embeddable":true,"href":"https:\/\/dlaelektrykow.pl\/blog\/wp-json\/wp\/v2\/users\/1"}],"replies":[{"embeddable":true,"href":"https:\/\/dlaelektrykow.pl\/blog\/wp-json\/wp\/v2\/comments?post=947"}],"version-history":[{"count":3,"href":"https:\/\/dlaelektrykow.pl\/blog\/wp-json\/wp\/v2\/posts\/947\/revisions"}],"predecessor-version":[{"id":951,"href":"https:\/\/dlaelektrykow.pl\/blog\/wp-json\/wp\/v2\/posts\/947\/revisions\/951"}],"wp:featuredmedia":[{"embeddable":true,"href":"https:\/\/dlaelektrykow.pl\/blog\/wp-json\/wp\/v2\/media\/950"}],"wp:attachment":[{"href":"https:\/\/dlaelektrykow.pl\/blog\/wp-json\/wp\/v2\/media?parent=947"}],"wp:term":[{"taxonomy":"category","embeddable":true,"href":"https:\/\/dlaelektrykow.pl\/blog\/wp-json\/wp\/v2\/categories?post=947"},{"taxonomy":"post_tag","embeddable":true,"href":"https:\/\/dlaelektrykow.pl\/blog\/wp-json\/wp\/v2\/tags?post=947"}],"curies":[{"name":"wp","href":"https:\/\/api.w.org\/{rel}","templated":true}]}}