{"id":106,"date":"2025-03-05T10:20:01","date_gmt":"2025-03-05T09:20:01","guid":{"rendered":"https:\/\/dlaelektrykow.pl\/blog\/?p=106"},"modified":"2025-08-25T12:25:01","modified_gmt":"2025-08-25T10:25:01","slug":"sztuka-doboru-barwy-swiatla-jaka-wybrac-dla-kazdego-pomieszczenia-w-domu","status":"publish","type":"post","link":"https:\/\/dlaelektrykow.pl\/blog\/sztuka-doboru-barwy-swiatla-jaka-wybrac-dla-kazdego-pomieszczenia-w-domu\/","title":{"rendered":"Sztuka doboru barwy \u015bwiat\u0142a \u2013 jak\u0105 wybra\u0107 dla ka\u017cdego pomieszczenia w domu?"},"content":{"rendered":"\n<h3 class=\"wp-block-heading\">Barwa \u015bwiat\u0142a w pomieszczeniach domowych ma znacz\u0105cy wp\u0142yw na atmosfer\u0119 i funkcjonalno\u015b\u0107 danego miejsca. Odpowiedni dob\u00f3r barw \u015bwiat\u0142a mo\u017ce sprawi\u0107, \u017ce dom stanie si\u0119 bardziej przytulny, komfortowy i funkcjonalny. Podpowiadamy, jak dobra\u0107 odpowiedni\u0105 barw\u0119 \u015bwiat\u0142a do r\u00f3\u017cnych pomieszcze\u0144 w domu.<br><\/h3>\n\n\n\n<p>Wszystkie \u017ar\u00f3d\u0142a \u015bwiat\u0142a LED \u2013 zar\u00f3wno \u017car\u00f3wki, jak i ta\u015bmy LED, czy oprawy LED \u2013 maj\u0105 podane w swoich parametrach barw\u0119 \u015bwiat\u0142a oraz temperatur\u0119 barwow\u0105. Barwa \u015bwiat\u0142a podzielona jest na podstawowe 3:<\/p>\n\n\n\n<p>&#8211; ciep\u0142\u0105<\/p>\n\n\n\n<p>&#8211; neutraln\u0105<\/p>\n\n\n\n<p>&#8211; zimn\u0105<br><\/p>\n\n\n\n<p>Temperatura barwowa wyra\u017cana jest w Kelwinach (K) i odpowiada barwie \u015bwiat\u0142a. Tak wi\u0119c:<\/p>\n\n\n\n<p>&#8211;\u00a0<strong><a href=\"https:\/\/dlaelektrykow.pl\/12-oswietlenie-led?kategorie=tasmy-led&amp;barwa-swiatla=naturalna%2Cnaturalna-biala&amp;q=barwa+%C5%9Bwiat%C5%82a-bardzo+ciep%C5%82a-ciep%C5%82a\" target=\"_blank\" rel=\"noreferrer noopener\">2700-300 K \u2013 barwa ciep\u0142a<\/a><\/strong><\/p>\n\n\n\n<p>&#8211; ok.\u00a0<strong><a href=\"https:\/\/dlaelektrykow.pl\/12-oswietlenie-led?barwa-swiatla=bardzo-ciepla%2Cciepla&amp;q=barwa+%C5%9Bwiat%C5%82a-naturalna-naturalna+bia%C5%82a\" target=\"_blank\" rel=\"noreferrer noopener\">4000 K \u2013 barwa neutralna<\/a><\/strong><\/p>\n\n\n\n<p>&#8211;\u00a0<strong><a href=\"https:\/\/dlaelektrykow.pl\/12-oswietlenie-led?barwa-swiatla=bardzo-ciepla%2Cciepla&amp;q=barwa+%C5%9Bwiat%C5%82a-zimna-zimna+bia%C5%82a\" target=\"_blank\" rel=\"noreferrer noopener\">5000 K i wy\u017csza \u2013 barwa zimna<\/a><\/strong><\/p>\n\n\n\n<p><br>Opr\u00f3cz wy\u017cej wymienionych wyst\u0119puj\u0105 r\u00f3wnie\u017c inne okre\u015blenia, kt\u00f3rych temperatura barwowa mo\u017ce by\u0107 na granicy barw, np zimno-bia\u0142a, czy bia\u0142a ciep\u0142a. Takie okre\u015blenia pozwalaj\u0105 wyobrazi\u0107 sobie odbiorcy, jak \u0105 barw\u0105 \u015bwiat\u0142a dana \u017car\u00f3wka, czy lampa LED b\u0119dzie \u015bwieci\u0107.&nbsp;<br>Dodatkowo na rynku wyst\u0119puj\u0105 r\u00f3wnie\u017c wersje multikolor, RBG, czy RBGW &#8211; w nich zazwyczaj mo\u017cna regulowa\u0107 sobie barw\u0119 \u015bwiat\u0142a za pomoc\u0105 pilota lub aplikacji, dostosowuj\u0105c temperatur\u0119 barwow\u0105 i barw\u0119 \u015bwiat\u0142a do danych warunk\u00f3w w pomieszczeniu. Takie rozwi\u0105zanie jest cz\u0119sto stosowane w ta\u015bmach ledowych, czy \u017car\u00f3wkach ledowych.<br><\/p>\n\n\n\n<h4 class=\"wp-block-heading\">Kuchnia<\/h4>\n\n\n\n<p>W kuchni, gdzie przygotowujemy jedzenie, wa\u017cne jest, aby \u015bwiat\u0142o by\u0142o jasne i neutralne. Barwa \u015bwiat\u0142a o temperaturze barwowej 3500 &#8211; 4500 Kelwin\u00f3w jest idealna, poniewa\u017c zapewnia w miar\u0119\u00a0<strong><a href=\"https:\/\/dlaelektrykow.pl\/12-oswietlenie-led?barwa-swiatla=bardzo-ciepla%2Cciepla&amp;q=barwa+%C5%9Bwiat%C5%82a-naturalna-naturalna+bia%C5%82a\" target=\"_blank\" rel=\"noreferrer noopener\">naturalne \u015bwiat\u0142o<\/a><\/strong>, kt\u00f3re u\u0142atwia rozpoznawanie kolor\u00f3w i precyzyjne przygotowywanie posi\u0142k\u00f3w.<\/p>\n\n\n\n<h3 class=\"wp-block-heading\">Salon<\/h3>\n\n\n\n<p>Salon to miejsce relaksu i spotka\u0144, dlatego warto postawi\u0107 na\u00a0<strong><a href=\"https:\/\/dlaelektrykow.pl\/12-oswietlenie-led?kategorie=tasmy-led&amp;barwa-swiatla=naturalna%2Cnaturalna-biala&amp;q=barwa+%C5%9Bwiat%C5%82a-bardzo+ciep%C5%82a-ciep%C5%82a\" target=\"_blank\" rel=\"noreferrer noopener\">ciep\u0142\u0105 barw\u0119 \u015bwiat\u0142a<\/a><\/strong>. Odcienie \u017c\u00f3\u0142tego lub ciep\u0142ej bieli o temperaturze barwowej 2700-3000 Kelwin\u00f3w stworz\u0105 przytuln\u0105 atmosfer\u0119, sprzyjaj\u0105c\u0105 odpoczynkowi i rozmowom rodzinnym.<br><br><\/p>\n\n\n\n<h3 class=\"wp-block-heading\">Sypialnia<\/h3>\n\n\n\n<p>W sypialni zaleca si\u0119 stosowanie mi\u0119kkiego, ciep\u0142ego \u015bwiat\u0142a, kt\u00f3re pomaga zrelaksowa\u0107 si\u0119 przed snem. Barwa o temperaturze 2700-3300 Kelwin\u00f3w stworzy przyjemn\u0105 atmosfer\u0119 sprzyjaj\u0105c\u0105 odpoczynkowi, co jest kluczowe dla zdrowego snu.<\/p>\n\n\n\n<h3 class=\"wp-block-heading\">\u0141azienka<\/h3>\n\n\n\n<p>W \u0142azience, gdzie potrzebujemy \u015bwiat\u0142a do precyzyjnych czynno\u015bci, takich jak makija\u017c czy golenie, warto zainwestowa\u0107 w jasne \u015bwiat\u0142o o w miar\u0119 neutralnej barwie. Temperatura barwowa ok. 3500-4000 Kelwin\u00f3w jest tu odpowiednia, zapewniaj\u0105c dobre o\u015bwietlenie przy zachowaniu naturalno\u015bci kolor\u00f3w.<\/p>\n\n\n\n<h3 class=\"wp-block-heading\">Korytarz i przedpok\u00f3j<\/h3>\n\n\n\n<p>W tych miejscach, gdzie cz\u0119sto przemieszczamy si\u0119 mi\u0119dzy pomieszczeniami, warto zastosowa\u0107 neutraln\u0105 bia\u0142\u0105 barw\u0119 \u015bwiat\u0142a o temperaturze 3500-4000 Kelwin\u00f3w. To pozwoli na \u0142atwe poruszanie si\u0119 i jednocze\u015bnie stworzy przyjemne otoczenie.<\/p>\n\n\n\n<p>Dob\u00f3r odpowiedniej barwy \u015bwiat\u0142a do poszczeg\u00f3lnych pomieszcze\u0144 w domu jest kluczowy dla stworzenia harmonijnej atmosfery. Warto zwraca\u0107 uwag\u0119 na temperatur\u0119 barwow\u0105, dostosowuj\u0105c j\u0105 do funkcji danego pomieszczenia. Odpowiednie o\u015bwietlenie nie tylko poprawia funkcjonalno\u015b\u0107 danego miejsca, ale tak\u017ce wp\u0142ywa pozytywnie na nasze samopoczucie i komfort \u017cycia. Dlatego, planuj\u0105c o\u015bwietlenie w swoim domu, zastan\u00f3w si\u0119 nad tym, jakie wra\u017cenie chcesz osi\u0105gn\u0105\u0107, i dopasuj barw\u0119 \u015bwiat\u0142a do swoich potrzeb.<\/p>\n","protected":false},"excerpt":{"rendered":"<p>Barwa \u015bwiat\u0142a ma znacz\u0105cy wp\u0142yw na atmosfer\u0119 i funkcjonalno\u015b\u0107 miejsca. Podpowiadamy, jak dobra\u0107 barw\u0119 \u015bwiat\u0142a do r\u00f3\u017cnych pomieszcze\u0144 w domu.<\/p>\n","protected":false},"author":1,"featured_media":541,"comment_status":"open","ping_status":"open","sticky":false,"template":"","format":"standard","meta":{"footnotes":""},"categories":[1],"tags":[162,161,165,164,163],"class_list":{"0":"post-106","1":"post","2":"type-post","3":"status-publish","4":"format-standard","5":"has-post-thumbnail","7":"category-poradnik-dlaelektrykowpl","8":"tag-barwa-swiatla-do-salonu","9":"tag-barwa-swiatla-w-domu","10":"tag-ciepla-barwa-w-domu","11":"tag-jakie-swiatlo-do-pokoju","12":"tag-jakie-swiatlo-w-kuchni"},"_links":{"self":[{"href":"https:\/\/dlaelektrykow.pl\/blog\/wp-json\/wp\/v2\/posts\/106","targetHints":{"allow":["GET"]}}],"collection":[{"href":"https:\/\/dlaelektrykow.pl\/blog\/wp-json\/wp\/v2\/posts"}],"about":[{"href":"https:\/\/dlaelektrykow.pl\/blog\/wp-json\/wp\/v2\/types\/post"}],"author":[{"embeddable":true,"href":"https:\/\/dlaelektrykow.pl\/blog\/wp-json\/wp\/v2\/users\/1"}],"replies":[{"embeddable":true,"href":"https:\/\/dlaelektrykow.pl\/blog\/wp-json\/wp\/v2\/comments?post=106"}],"version-history":[{"count":8,"href":"https:\/\/dlaelektrykow.pl\/blog\/wp-json\/wp\/v2\/posts\/106\/revisions"}],"predecessor-version":[{"id":690,"href":"https:\/\/dlaelektrykow.pl\/blog\/wp-json\/wp\/v2\/posts\/106\/revisions\/690"}],"wp:featuredmedia":[{"embeddable":true,"href":"https:\/\/dlaelektrykow.pl\/blog\/wp-json\/wp\/v2\/media\/541"}],"wp:attachment":[{"href":"https:\/\/dlaelektrykow.pl\/blog\/wp-json\/wp\/v2\/media?parent=106"}],"wp:term":[{"taxonomy":"category","embeddable":true,"href":"https:\/\/dlaelektrykow.pl\/blog\/wp-json\/wp\/v2\/categories?post=106"},{"taxonomy":"post_tag","embeddable":true,"href":"https:\/\/dlaelektrykow.pl\/blog\/wp-json\/wp\/v2\/tags?post=106"}],"curies":[{"name":"wp","href":"https:\/\/api.w.org\/{rel}","templated":true}]}}